{"id":4308,"date":"2023-10-23T16:15:53","date_gmt":"2023-10-23T14:15:53","guid":{"rendered":"https:\/\/marciorsrl.com\/schiebeplane-auf-ab\/"},"modified":"2023-10-23T16:18:06","modified_gmt":"2023-10-23T14:18:06","slug":"schiebeplane-auf-ab","status":"publish","type":"post","link":"https:\/\/marciorsrl.com\/de\/schiebeplane-auf-ab\/","title":{"rendered":"Schiebeplane Auf \/ Ab"},"content":{"rendered":"<h2>Schiebeplane Auf \/ Ab<\/h2>\n<p>Eine unserer Lkw- und Industriefahrzeugausstattungen ist die <strong>Schiebeplane Auf \/ Ab<\/strong>. Diese Art der Installation ist sehr bequem und kann sowohl an den Lkw als auch an den jeweiligen Anh\u00e4ngern durchgef\u00fchrt werden.<\/p>\n<p>Jede unserer Ausstattung ist vollst\u00e4ndig ma\u00dfgeschneidert, um den Bed\u00fcrfnissen des Kunden und der Branche, in der er t\u00e4tig ist, gerecht zu werden. Dieser Aspekt ist sehr wichtig, um ein Fahrzeug zu haben, das f\u00fcr die Aufgabe, der es zugewiesen ist, am besten optimiert ist.<\/p>\n<h3>Wozu dient diese Ausstattung?<\/h3>\n<p>Diese Ausstattung ist sehr n\u00fctzlich in Situationen, in denen Sie viel Platz ben\u00f6tigen, um die Waren mit \u00e4u\u00dferster Sorgfalt herauszuziehen.<\/p>\n<p>Der zus\u00e4tzliche Platz zum Man\u00f6vrieren und Bewegen erleichtert das Entladen durch den Gabelstapler, der die Paletten oder Container im Inneren des Staplers vorsichtig behandeln muss.<\/p>\n<p>F\u00fcr weitere Informationen \u00fcber unsere Arbeiten an Lkw und Industriefahrzeugen rufen Sie uns an unter <a href=\"Tel.:+390457900867\"><strong>+39 045 7900867<\/strong><\/a> oder kontaktieren Sie uns unter <a href=\"mailto:info@marciorsrl.com\"><strong>info@marciorsrl.com<\/strong><\/a>. Unsere Spezialisten stehen Ihnen zur Verf\u00fcgung, um jede Art von Zweifel zu kl\u00e4ren und Ihnen die beste Beratung f\u00fcr Ihr Projekt zu geben.<\/p>\n<p>&nbsp;<\/p>\n<h2>Personaliserte Schiebeplane Auf \/ Ab<\/h2>\n<p>Eine der St\u00e4rken unseres Unternehmens Marcior ist, dass wir <strong>jede Ausstattung, die wir produzieren, komplett von Grund auf selbst herstellen<\/strong>, so auch die <strong>Schiebeplane Auf \/ Ab<\/strong>.<\/p>\n<p>Das bedeutet, dass eine Produktpersonalisierung zu 100% m\u00f6glich ist und das Projekt in jeder Hinsicht um 360\u00b0 befolgt wird, um Ihnen einen kompletten Service zu bieten, der Ihren Bed\u00fcrfnissen entspricht.<\/p>\n<p>Seit \u00fcber 30 Jahren begleiten wir diese Projekte an Lkw, Fahrzeugen und Industriefahrzeugen, um sie f\u00fcr den jeweiligen Einsatzbereich zu optimieren.<\/p>\n<p>Sie finden uns in unseren Gesch\u00e4ftsr\u00e4umen in Villafranca di Verona, Via Francia n&#8217;41, wo Sie sich vor Ort ein Bild von unseren Projekten machen k\u00f6nnen. Gemeinsam mit Ihnen werden wir Ihr Projekt bewerten, um die beste L\u00f6sung f\u00fcr Sie zu finden.<\/p>\n<h3>M\u00f6chten Sie weitere Informationen \u00fcber die Schiebeplane Auf \/ Ab?<\/h3>\n","protected":false},"excerpt":{"rendered":"<p>Schiebeplane Auf \/ Ab Eine unserer Lkw- und Industriefahrzeugausstattungen ist die Schiebeplane Auf \/ Ab. Diese Art der Installation ist sehr bequem und kann sowohl an den Lkw als auch an den jeweiligen Anh\u00e4ngern durchgef\u00fchrt werden. Jede unserer Ausstattung ist vollst\u00e4ndig ma\u00dfgeschneidert, um den Bed\u00fcrfnissen des Kunden und der Branche, in der er t\u00e4tig ist, [&hellip;]<\/p>\n","protected":false},"author":1,"featured_media":3804,"comment_status":"closed","ping_status":"closed","sticky":false,"template":"","format":"standard","meta":{"footnotes":""},"categories":[12],"tags":[],"class_list":["post-4308","post","type-post","status-publish","format-standard","has-post-thumbnail","hentry","category-unkategorisiert"],"yoast_head":"<!-- This site is optimized with the Yoast SEO plugin v27.0 - https:\/\/yoast.com\/product\/yoast-seo-wordpress\/ -->\n<title>Ausstattung Schiebeplane Auf \/ Ab f\u00fcr Lkw | Marcior<\/title>\n<meta name=\"description\" content=\"Eine unserer Lkw- und Industriefahrzeugausstattungen ist der Schiebeplane Auf\/Ab, der n\u00fctzlich ist, um den Raum zu vergr\u00f6\u00dfern.\" \/>\n<meta name=\"robots\" content=\"index, follow, max-snippet:-1, max-image-preview:large, max-video-preview:-1\" \/>\n<link rel=\"canonical\" href=\"https:\/\/marciorsrl.com\/de\/schiebeplane-auf-ab\/\" \/>\n<meta property=\"og:locale\" content=\"de_DE\" \/>\n<meta property=\"og:type\" content=\"article\" \/>\n<meta property=\"og:title\" content=\"Ausstattung Schiebeplane Auf \/ Ab f\u00fcr Lkw | Marcior\" \/>\n<meta property=\"og:description\" content=\"Eine unserer Lkw- und Industriefahrzeugausstattungen ist der Schiebeplane Auf\/Ab, der n\u00fctzlich ist, um den Raum zu vergr\u00f6\u00dfern.\" \/>\n<meta property=\"og:url\" content=\"https:\/\/marciorsrl.com\/de\/schiebeplane-auf-ab\/\" \/>\n<meta property=\"og:site_name\" content=\"Marcior Srl\" \/>\n<meta property=\"article:published_time\" content=\"2023-10-23T14:15:53+00:00\" \/>\n<meta property=\"article:modified_time\" content=\"2023-10-23T14:18:06+00:00\" \/>\n<meta property=\"og:image\" content=\"https:\/\/marciorsrl.com\/wp-content\/uploads\/2023\/08\/Allesrtimento-centina-alza-e-abbassa-per-camion-Marcior.jpg\" \/>\n<meta name=\"author\" content=\"Infinity Web\" \/>\n<meta name=\"twitter:card\" content=\"summary_large_image\" \/>\n<meta name=\"twitter:title\" content=\"Ausstattung Schiebeplane Auf \/ Ab f\u00fcr Lkw | Marcior\" \/>\n<meta name=\"twitter:description\" content=\"Eine unserer Lkw- und Industriefahrzeugausstattungen ist der Schiebeplane Auf\/Ab, der n\u00fctzlich ist, um den Raum zu vergr\u00f6\u00dfern.\" \/>\n<meta name=\"twitter:image\" content=\"https:\/\/marciorsrl.com\/wp-content\/uploads\/2023\/08\/Allesrtimento-centina-alza-e-abbassa-per-camion-Marcior.jpg\" \/>\n<meta name=\"twitter:label1\" content=\"Verfasst von\" \/>\n\t<meta name=\"twitter:data1\" content=\"Infinity Web\" \/>\n\t<meta name=\"twitter:label2\" content=\"Gesch\u00e4tzte Lesezeit\" \/>\n\t<meta name=\"twitter:data2\" content=\"2\u00a0Minuten\" \/>\n<script type=\"application\/ld+json\" class=\"yoast-schema-graph\">{\"@context\":\"https:\/\/schema.org\",\"@graph\":[{\"@type\":\"Article\",\"@id\":\"https:\/\/marciorsrl.com\/de\/schiebeplane-auf-ab\/#article\",\"isPartOf\":{\"@id\":\"https:\/\/marciorsrl.com\/de\/schiebeplane-auf-ab\/\"},\"author\":{\"name\":\"Infinity Web\",\"@id\":\"https:\/\/marciorsrl.com\/de\/#\/schema\/person\/9600638c4c997d60830193852c0e179d\"},\"headline\":\"Schiebeplane Auf \/ Ab\",\"datePublished\":\"2023-10-23T14:15:53+00:00\",\"dateModified\":\"2023-10-23T14:18:06+00:00\",\"mainEntityOfPage\":{\"@id\":\"https:\/\/marciorsrl.com\/de\/schiebeplane-auf-ab\/\"},\"wordCount\":331,\"publisher\":{\"@id\":\"https:\/\/marciorsrl.com\/de\/#organization\"},\"image\":{\"@id\":\"https:\/\/marciorsrl.com\/de\/schiebeplane-auf-ab\/#primaryimage\"},\"thumbnailUrl\":\"https:\/\/marciorsrl.com\/wp-content\/uploads\/2023\/08\/Allesrtimento-centina-alza-e-abbassa-per-camion-Marcior.jpg\",\"articleSection\":[\"Unkategorisiert\"],\"inLanguage\":\"de\"},{\"@type\":\"WebPage\",\"@id\":\"https:\/\/marciorsrl.com\/de\/schiebeplane-auf-ab\/\",\"url\":\"https:\/\/marciorsrl.com\/de\/schiebeplane-auf-ab\/\",\"name\":\"Ausstattung Schiebeplane Auf \/ Ab f\u00fcr Lkw | Marcior\",\"isPartOf\":{\"@id\":\"https:\/\/marciorsrl.com\/de\/#website\"},\"primaryImageOfPage\":{\"@id\":\"https:\/\/marciorsrl.com\/de\/schiebeplane-auf-ab\/#primaryimage\"},\"image\":{\"@id\":\"https:\/\/marciorsrl.com\/de\/schiebeplane-auf-ab\/#primaryimage\"},\"thumbnailUrl\":\"https:\/\/marciorsrl.com\/wp-content\/uploads\/2023\/08\/Allesrtimento-centina-alza-e-abbassa-per-camion-Marcior.jpg\",\"datePublished\":\"2023-10-23T14:15:53+00:00\",\"dateModified\":\"2023-10-23T14:18:06+00:00\",\"description\":\"Eine unserer Lkw- und Industriefahrzeugausstattungen ist der Schiebeplane Auf\/Ab, der n\u00fctzlich ist, um den Raum zu vergr\u00f6\u00dfern.\",\"breadcrumb\":{\"@id\":\"https:\/\/marciorsrl.com\/de\/schiebeplane-auf-ab\/#breadcrumb\"},\"inLanguage\":\"de\",\"potentialAction\":[{\"@type\":\"ReadAction\",\"target\":[\"https:\/\/marciorsrl.com\/de\/schiebeplane-auf-ab\/\"]}]},{\"@type\":\"ImageObject\",\"inLanguage\":\"de\",\"@id\":\"https:\/\/marciorsrl.com\/de\/schiebeplane-auf-ab\/#primaryimage\",\"url\":\"https:\/\/marciorsrl.com\/wp-content\/uploads\/2023\/08\/Allesrtimento-centina-alza-e-abbassa-per-camion-Marcior.jpg\",\"contentUrl\":\"https:\/\/marciorsrl.com\/wp-content\/uploads\/2023\/08\/Allesrtimento-centina-alza-e-abbassa-per-camion-Marcior.jpg\",\"width\":800,\"height\":492,\"caption\":\"Allesrtimento centina alza e abbassa per camion Marcior\"},{\"@type\":\"BreadcrumbList\",\"@id\":\"https:\/\/marciorsrl.com\/de\/schiebeplane-auf-ab\/#breadcrumb\",\"itemListElement\":[{\"@type\":\"ListItem\",\"position\":1,\"name\":\"Home\",\"item\":\"https:\/\/marciorsrl.com\/de\/\"},{\"@type\":\"ListItem\",\"position\":2,\"name\":\"Schiebeplane Auf \/ Ab\"}]},{\"@type\":\"WebSite\",\"@id\":\"https:\/\/marciorsrl.com\/de\/#website\",\"url\":\"https:\/\/marciorsrl.com\/de\/\",\"name\":\"Marcior Srl\",\"description\":\"Carrozzeria industriale - Allestimenti camion e veicoli industriali\",\"publisher\":{\"@id\":\"https:\/\/marciorsrl.com\/de\/#organization\"},\"potentialAction\":[{\"@type\":\"SearchAction\",\"target\":{\"@type\":\"EntryPoint\",\"urlTemplate\":\"https:\/\/marciorsrl.com\/de\/?s={search_term_string}\"},\"query-input\":{\"@type\":\"PropertyValueSpecification\",\"valueRequired\":true,\"valueName\":\"search_term_string\"}}],\"inLanguage\":\"de\"},{\"@type\":\"Organization\",\"@id\":\"https:\/\/marciorsrl.com\/de\/#organization\",\"name\":\"Marcior S.r.l.\",\"url\":\"https:\/\/marciorsrl.com\/de\/\",\"logo\":{\"@type\":\"ImageObject\",\"inLanguage\":\"de\",\"@id\":\"https:\/\/marciorsrl.com\/de\/#\/schema\/logo\/image\/\",\"url\":\"https:\/\/marciorsrl.com\/wp-content\/uploads\/2018\/11\/marcior-google-my-business-logo.png\",\"contentUrl\":\"https:\/\/marciorsrl.com\/wp-content\/uploads\/2018\/11\/marcior-google-my-business-logo.png\",\"width\":500,\"height\":500,\"caption\":\"Marcior S.r.l.\"},\"image\":{\"@id\":\"https:\/\/marciorsrl.com\/de\/#\/schema\/logo\/image\/\"}},{\"@type\":\"Person\",\"@id\":\"https:\/\/marciorsrl.com\/de\/#\/schema\/person\/9600638c4c997d60830193852c0e179d\",\"name\":\"Infinity Web\",\"image\":{\"@type\":\"ImageObject\",\"inLanguage\":\"de\",\"@id\":\"https:\/\/marciorsrl.com\/de\/#\/schema\/person\/image\/\",\"url\":\"https:\/\/secure.gravatar.com\/avatar\/b77ef9362309d93358afe8ddc8f1206aa8863b1d7e662864a594bba2f0883e9c?s=96&d=mm&r=g\",\"contentUrl\":\"https:\/\/secure.gravatar.com\/avatar\/b77ef9362309d93358afe8ddc8f1206aa8863b1d7e662864a594bba2f0883e9c?s=96&d=mm&r=g\",\"caption\":\"Infinity Web\"},\"sameAs\":[\"https:\/\/www.infinity-web.it\/\"]}]}<\/script>\n<!-- \/ Yoast SEO plugin. -->","yoast_head_json":{"title":"Ausstattung Schiebeplane Auf \/ Ab f\u00fcr Lkw | Marcior","description":"Eine unserer Lkw- und Industriefahrzeugausstattungen ist der Schiebeplane Auf\/Ab, der n\u00fctzlich ist, um den Raum zu vergr\u00f6\u00dfern.","robots":{"index":"index","follow":"follow","max-snippet":"max-snippet:-1","max-image-preview":"max-image-preview:large","max-video-preview":"max-video-preview:-1"},"canonical":"https:\/\/marciorsrl.com\/de\/schiebeplane-auf-ab\/","og_locale":"de_DE","og_type":"article","og_title":"Ausstattung Schiebeplane Auf \/ Ab f\u00fcr Lkw | Marcior","og_description":"Eine unserer Lkw- und Industriefahrzeugausstattungen ist der Schiebeplane Auf\/Ab, der n\u00fctzlich ist, um den Raum zu vergr\u00f6\u00dfern.","og_url":"https:\/\/marciorsrl.com\/de\/schiebeplane-auf-ab\/","og_site_name":"Marcior Srl","article_published_time":"2023-10-23T14:15:53+00:00","article_modified_time":"2023-10-23T14:18:06+00:00","og_image":[{"url":"https:\/\/marciorsrl.com\/wp-content\/uploads\/2023\/08\/Allesrtimento-centina-alza-e-abbassa-per-camion-Marcior.jpg","type":"","width":"","height":""}],"author":"Infinity Web","twitter_card":"summary_large_image","twitter_title":"Ausstattung Schiebeplane Auf \/ Ab f\u00fcr Lkw | Marcior","twitter_description":"Eine unserer Lkw- und Industriefahrzeugausstattungen ist der Schiebeplane Auf\/Ab, der n\u00fctzlich ist, um den Raum zu vergr\u00f6\u00dfern.","twitter_image":"https:\/\/marciorsrl.com\/wp-content\/uploads\/2023\/08\/Allesrtimento-centina-alza-e-abbassa-per-camion-Marcior.jpg","twitter_misc":{"Verfasst von":"Infinity Web","Gesch\u00e4tzte Lesezeit":"2\u00a0Minuten"},"schema":{"@context":"https:\/\/schema.org","@graph":[{"@type":"Article","@id":"https:\/\/marciorsrl.com\/de\/schiebeplane-auf-ab\/#article","isPartOf":{"@id":"https:\/\/marciorsrl.com\/de\/schiebeplane-auf-ab\/"},"author":{"name":"Infinity Web","@id":"https:\/\/marciorsrl.com\/de\/#\/schema\/person\/9600638c4c997d60830193852c0e179d"},"headline":"Schiebeplane Auf \/ Ab","datePublished":"2023-10-23T14:15:53+00:00","dateModified":"2023-10-23T14:18:06+00:00","mainEntityOfPage":{"@id":"https:\/\/marciorsrl.com\/de\/schiebeplane-auf-ab\/"},"wordCount":331,"publisher":{"@id":"https:\/\/marciorsrl.com\/de\/#organization"},"image":{"@id":"https:\/\/marciorsrl.com\/de\/schiebeplane-auf-ab\/#primaryimage"},"thumbnailUrl":"https:\/\/marciorsrl.com\/wp-content\/uploads\/2023\/08\/Allesrtimento-centina-alza-e-abbassa-per-camion-Marcior.jpg","articleSection":["Unkategorisiert"],"inLanguage":"de"},{"@type":"WebPage","@id":"https:\/\/marciorsrl.com\/de\/schiebeplane-auf-ab\/","url":"https:\/\/marciorsrl.com\/de\/schiebeplane-auf-ab\/","name":"Ausstattung Schiebeplane Auf \/ Ab f\u00fcr Lkw | Marcior","isPartOf":{"@id":"https:\/\/marciorsrl.com\/de\/#website"},"primaryImageOfPage":{"@id":"https:\/\/marciorsrl.com\/de\/schiebeplane-auf-ab\/#primaryimage"},"image":{"@id":"https:\/\/marciorsrl.com\/de\/schiebeplane-auf-ab\/#primaryimage"},"thumbnailUrl":"https:\/\/marciorsrl.com\/wp-content\/uploads\/2023\/08\/Allesrtimento-centina-alza-e-abbassa-per-camion-Marcior.jpg","datePublished":"2023-10-23T14:15:53+00:00","dateModified":"2023-10-23T14:18:06+00:00","description":"Eine unserer Lkw- und Industriefahrzeugausstattungen ist der Schiebeplane Auf\/Ab, der n\u00fctzlich ist, um den Raum zu vergr\u00f6\u00dfern.","breadcrumb":{"@id":"https:\/\/marciorsrl.com\/de\/schiebeplane-auf-ab\/#breadcrumb"},"inLanguage":"de","potentialAction":[{"@type":"ReadAction","target":["https:\/\/marciorsrl.com\/de\/schiebeplane-auf-ab\/"]}]},{"@type":"ImageObject","inLanguage":"de","@id":"https:\/\/marciorsrl.com\/de\/schiebeplane-auf-ab\/#primaryimage","url":"https:\/\/marciorsrl.com\/wp-content\/uploads\/2023\/08\/Allesrtimento-centina-alza-e-abbassa-per-camion-Marcior.jpg","contentUrl":"https:\/\/marciorsrl.com\/wp-content\/uploads\/2023\/08\/Allesrtimento-centina-alza-e-abbassa-per-camion-Marcior.jpg","width":800,"height":492,"caption":"Allesrtimento centina alza e abbassa per camion Marcior"},{"@type":"BreadcrumbList","@id":"https:\/\/marciorsrl.com\/de\/schiebeplane-auf-ab\/#breadcrumb","itemListElement":[{"@type":"ListItem","position":1,"name":"Home","item":"https:\/\/marciorsrl.com\/de\/"},{"@type":"ListItem","position":2,"name":"Schiebeplane Auf \/ Ab"}]},{"@type":"WebSite","@id":"https:\/\/marciorsrl.com\/de\/#website","url":"https:\/\/marciorsrl.com\/de\/","name":"Marcior Srl","description":"Carrozzeria industriale - Allestimenti camion e veicoli industriali","publisher":{"@id":"https:\/\/marciorsrl.com\/de\/#organization"},"potentialAction":[{"@type":"SearchAction","target":{"@type":"EntryPoint","urlTemplate":"https:\/\/marciorsrl.com\/de\/?s={search_term_string}"},"query-input":{"@type":"PropertyValueSpecification","valueRequired":true,"valueName":"search_term_string"}}],"inLanguage":"de"},{"@type":"Organization","@id":"https:\/\/marciorsrl.com\/de\/#organization","name":"Marcior S.r.l.","url":"https:\/\/marciorsrl.com\/de\/","logo":{"@type":"ImageObject","inLanguage":"de","@id":"https:\/\/marciorsrl.com\/de\/#\/schema\/logo\/image\/","url":"https:\/\/marciorsrl.com\/wp-content\/uploads\/2018\/11\/marcior-google-my-business-logo.png","contentUrl":"https:\/\/marciorsrl.com\/wp-content\/uploads\/2018\/11\/marcior-google-my-business-logo.png","width":500,"height":500,"caption":"Marcior S.r.l."},"image":{"@id":"https:\/\/marciorsrl.com\/de\/#\/schema\/logo\/image\/"}},{"@type":"Person","@id":"https:\/\/marciorsrl.com\/de\/#\/schema\/person\/9600638c4c997d60830193852c0e179d","name":"Infinity Web","image":{"@type":"ImageObject","inLanguage":"de","@id":"https:\/\/marciorsrl.com\/de\/#\/schema\/person\/image\/","url":"https:\/\/secure.gravatar.com\/avatar\/b77ef9362309d93358afe8ddc8f1206aa8863b1d7e662864a594bba2f0883e9c?s=96&d=mm&r=g","contentUrl":"https:\/\/secure.gravatar.com\/avatar\/b77ef9362309d93358afe8ddc8f1206aa8863b1d7e662864a594bba2f0883e9c?s=96&d=mm&r=g","caption":"Infinity Web"},"sameAs":["https:\/\/www.infinity-web.it\/"]}]}},"_links":{"self":[{"href":"https:\/\/marciorsrl.com\/de\/wp-json\/wp\/v2\/posts\/4308","targetHints":{"allow":["GET"]}}],"collection":[{"href":"https:\/\/marciorsrl.com\/de\/wp-json\/wp\/v2\/posts"}],"about":[{"href":"https:\/\/marciorsrl.com\/de\/wp-json\/wp\/v2\/types\/post"}],"author":[{"embeddable":true,"href":"https:\/\/marciorsrl.com\/de\/wp-json\/wp\/v2\/users\/1"}],"replies":[{"embeddable":true,"href":"https:\/\/marciorsrl.com\/de\/wp-json\/wp\/v2\/comments?post=4308"}],"version-history":[{"count":1,"href":"https:\/\/marciorsrl.com\/de\/wp-json\/wp\/v2\/posts\/4308\/revisions"}],"predecessor-version":[{"id":4309,"href":"https:\/\/marciorsrl.com\/de\/wp-json\/wp\/v2\/posts\/4308\/revisions\/4309"}],"wp:featuredmedia":[{"embeddable":true,"href":"https:\/\/marciorsrl.com\/de\/wp-json\/wp\/v2\/media\/3804"}],"wp:attachment":[{"href":"https:\/\/marciorsrl.com\/de\/wp-json\/wp\/v2\/media?parent=4308"}],"wp:term":[{"taxonomy":"category","embeddable":true,"href":"https:\/\/marciorsrl.com\/de\/wp-json\/wp\/v2\/categories?post=4308"},{"taxonomy":"post_tag","embeddable":true,"href":"https:\/\/marciorsrl.com\/de\/wp-json\/wp\/v2\/tags?post=4308"}],"curies":[{"name":"wp","href":"https:\/\/api.w.org\/{rel}","templated":true}]}}