{"id":4314,"date":"2023-10-23T16:50:57","date_gmt":"2023-10-23T14:50:57","guid":{"rendered":"https:\/\/marciorsrl.com\/planen-lkw-massgeschneiderte-ausstattung\/"},"modified":"2023-10-23T16:50:57","modified_gmt":"2023-10-23T14:50:57","slug":"planen-lkw-massgeschneiderte-ausstattung","status":"publish","type":"post","link":"https:\/\/marciorsrl.com\/de\/planen-lkw-massgeschneiderte-ausstattung\/","title":{"rendered":"Planen-Lkw: Ma\u00dfgeschneiderte Ausstattung"},"content":{"rendered":"<h2><span lang=\"DE\">Planen-Lkw: Ma\u00dfgeschneiderte Ausstattung<\/span><\/h2>\n<p><span lang=\"DE\">Der <strong>Planen-Lkw<\/strong> ist der Schl\u00fcssel zur Logistik Ihres Unternehmens. Erm\u00f6glicht den Transport von G\u00fctern auf der ganzen Welt und bewahrt sie sicher in seinem Laderaum auf.<\/span><\/p>\n<p><span lang=\"DE\">Mit unserem <strong>Ausstattungsservice Planen-Lkw<\/strong> k\u00f6nnen Sie Ihr Fahrzeug in ein Logistikzentrum auf R\u00e4dern verwandeln, den Laderaum optimieren und das Be- und Entladen vereinfachen.<\/span><\/p>\n<h2><span lang=\"DE\">Was sind die Vorteile dieser Installation auf dem Lkw?<\/span><\/h2>\n<p><span lang=\"DE\">Die Vorteile dieser Verarbeitung sind vielf\u00e4ltig und Ihr Lkw wird f\u00fcr Ihr Unternehmen optimiert. Zu den wichtigsten Punkten geh\u00f6ren:<\/span><\/p>\n<h3><span lang=\"DE\">Personalisierung an Ihre Bed\u00fcrfnisse<\/span><\/h3>\n<p><span lang=\"DE\">Wir wissen, dass jedes Unternehmen einzigartige Transportanforderungen hat. Deshalb bieten wir hochgradig ma\u00dfgeschneiderte Ausr\u00fcstungsl\u00f6sungen an, die Ihren spezifischen Anforderungen entsprechen. Egal, ob Sie G\u00fcter \u00fcber weite Strecken, sperrige Materialien oder empfindliche Produkte transportieren, unsere Ausstattungen sind ma\u00dfgeschneidert, um sicherzustellen, dass Ihre Ladung sicher und gut organisiert ist.<\/span><\/p>\n<h3><span lang=\"DE\">Einfaches Be- und Entladen<\/span><\/h3>\n<p><span lang=\"DE\">Mit einem Lkw kann der Zugang zur Ladung ein kritischer Punkt sein. Unsere Ausstattungen wurden entwickelt, um das Be- und Entladen von Waren in Ihren Planen-Lkw zu vereinfachen.<\/span><\/p>\n<h3><span lang=\"DE\">Schutz empfindlicher Ladungen<\/span><\/h3>\n<p><span lang=\"DE\">Einige Ladungen ben\u00f6tigen zus\u00e4tzlichen Schutz vor Umwelteinfl\u00fcssen wie Feuchtigkeit, Staub oder Sonnenlicht. Unsere Ausstattungen k\u00f6nnen Abdeck- oder Trennl\u00f6sungen enthalten, um Ihre empfindlichsten Lasten zu sch\u00fctzen. Auf diese Weise k\u00f6nnen Sie die Unversehrtheit Ihrer Produkte w\u00e4hrend des Transports bewahren und sie in perfektem Zustand an Ihre Kunden liefern.<\/span><\/p>\n<h3><span lang=\"DE\">Langlebigkeit und Robustheit des Planen-Lkws<\/span><\/h3>\n<p><span lang=\"DE\">Die Ausstattungen der Planen-Lkw m\u00fcssen robust und langlebig sein, um den Herausforderungen des Stra\u00dfentransports standzuhalten. Wir verwenden hochwertige Materialien und entwickeln unsere L\u00f6sungen mit der n\u00f6tigen Robustheit, um unterschiedlichen Bedingungen gerecht zu werden. Die Robustheit unserer Ausstattungen sorgt daf\u00fcr, dass sich Ihre Investition langfristig auszahlt.<\/span><\/p>\n<h3><span lang=\"DE\">Kompetente Unterst\u00fctzung durch das Marcior-Team in Verona<\/span><\/h3>\n<p><span lang=\"DE\">Das Team von Marcior besteht aus qualifizierten Experten f\u00fcr den Betrieb von Industriefahrzeugen. Wir h\u00f6ren uns Ihre Bed\u00fcrfnisse an und setzen sie in praktische und funktionelle L\u00f6sungen um. Verlassen Sie sich auf unsere kompetente Beratung und unsere hochwertigen Dienstleistungen.<\/span><\/p>\n<h3><span lang=\"DE\">Effizienz und Kostenreduzierung<\/span><\/h3>\n<p><span lang=\"DE\">Die Investition in die richtige Ausstattung Ihres Planen-Lkws f\u00fchrt zu betrieblicher Effizienz und Einsparungen bei Zeit und Geld. Reduzieren Sie die Kosten, die durch besch\u00e4digte Ladungen, Ausfallzeiten und logistische Ineffizienzen entstehen. Mit einem gut organisierten und ausgestatteten Lkw k\u00f6nnen Sie mehr Ladungen schneller und wirtschaftlicher abwickeln.<\/span><\/p>\n<h3><span lang=\"DE\">Ein Schritt nach vorn in der Logistik<\/span><\/h3>\n<p><span lang=\"DE\">Unser Ausstattungsservice \u201ePlanen-Lkw\u201c ist der Schl\u00fcssel zur Verbesserung Ihrer Logistikkapazit\u00e4t und zur Steigerung Ihrer betrieblichen Effizienz. Verwandeln Sie Ihren Planen-Lkw in ein vielseitiges Werkzeug, mit dem Sie die Herausforderungen des kommerziellen Transports m\u00fchelos meistern k\u00f6nnen.<\/span><\/p>\n<p><span lang=\"DE\">Warten Sie nicht l\u00e4nger, sondern kontaktieren Sie uns noch heute, um Ihren Ausr\u00fcstungsbedarf f\u00fcr Ihren Planen-Lkw zu besprechen. Wir sind bereit, Ihnen dabei zu helfen, Ihren Laderaum zu optimieren und Ihr Unternehmen auf eine neue Ebene des logistischen Erfolgs zu heben.\u00a0<\/span><\/p>\n<h3><span lang=\"DE\">M\u00f6chten Sie weitere Informationen \u00fcber den Planen-Lkw?<\/span><\/h3>\n","protected":false},"excerpt":{"rendered":"<p>Planen-Lkw: Ma\u00dfgeschneiderte Ausstattung Der Planen-Lkw ist der Schl\u00fcssel zur Logistik Ihres Unternehmens. Erm\u00f6glicht den Transport von G\u00fctern auf der ganzen Welt und bewahrt sie sicher in seinem Laderaum auf. Mit unserem Ausstattungsservice Planen-Lkw k\u00f6nnen Sie Ihr Fahrzeug in ein Logistikzentrum auf R\u00e4dern verwandeln, den Laderaum optimieren und das Be- und Entladen vereinfachen. Was sind die [&hellip;]<\/p>\n","protected":false},"author":1,"featured_media":3860,"comment_status":"closed","ping_status":"closed","sticky":false,"template":"","format":"standard","meta":{"footnotes":""},"categories":[12],"tags":[],"class_list":["post-4314","post","type-post","status-publish","format-standard","has-post-thumbnail","hentry","category-unkategorisiert"],"yoast_head":"<!-- This site is optimized with the Yoast SEO plugin v27.0 - https:\/\/yoast.com\/product\/yoast-seo-wordpress\/ -->\n<title>Planen-Lkw: Ma\u00dfgeschneiderte Ausstattung | Marcior<\/title>\n<meta name=\"description\" content=\"Der Planen-Lkw ist der Schl\u00fcssel zur Logistik Ihres Unternehmens. Erm\u00f6glicht den sicheren Transport von G\u00fctern in die ganze Welt.\" \/>\n<meta name=\"robots\" content=\"index, follow, max-snippet:-1, max-image-preview:large, max-video-preview:-1\" \/>\n<link rel=\"canonical\" href=\"https:\/\/marciorsrl.com\/de\/planen-lkw-massgeschneiderte-ausstattung\/\" \/>\n<meta property=\"og:locale\" content=\"de_DE\" \/>\n<meta property=\"og:type\" content=\"article\" \/>\n<meta property=\"og:title\" content=\"Planen-Lkw: Ma\u00dfgeschneiderte Ausstattung | Marcior\" \/>\n<meta property=\"og:description\" content=\"Der Planen-Lkw ist der Schl\u00fcssel zur Logistik Ihres Unternehmens. Erm\u00f6glicht den sicheren Transport von G\u00fctern in die ganze Welt.\" \/>\n<meta property=\"og:url\" content=\"https:\/\/marciorsrl.com\/de\/planen-lkw-massgeschneiderte-ausstattung\/\" \/>\n<meta property=\"og:site_name\" content=\"Marcior Srl\" \/>\n<meta property=\"article:published_time\" content=\"2023-10-23T14:50:57+00:00\" \/>\n<meta property=\"og:image\" content=\"https:\/\/marciorsrl.com\/wp-content\/uploads\/2023\/08\/Camion-telonato-allestimento-su-misura.-Marcior-di-Verona.jpg\" \/>\n<meta name=\"author\" content=\"Infinity Web\" \/>\n<meta name=\"twitter:card\" content=\"summary_large_image\" \/>\n<meta name=\"twitter:title\" content=\"Planen-Lkw: Ma\u00dfgeschneiderte Ausstattung | Marcior\" \/>\n<meta name=\"twitter:description\" content=\"Der Planen-Lkw ist der Schl\u00fcssel zur Logistik Ihres Unternehmens. Erm\u00f6glicht den sicheren Transport von G\u00fctern in die ganze Welt.\" \/>\n<meta name=\"twitter:image\" content=\"https:\/\/marciorsrl.com\/wp-content\/uploads\/2023\/08\/Camion-telonato-allestimento-su-misura.-Marcior-di-Verona.jpg\" \/>\n<meta name=\"twitter:label1\" content=\"Verfasst von\" \/>\n\t<meta name=\"twitter:data1\" content=\"Infinity Web\" \/>\n\t<meta name=\"twitter:label2\" content=\"Gesch\u00e4tzte Lesezeit\" \/>\n\t<meta name=\"twitter:data2\" content=\"2\u00a0Minuten\" \/>\n<script type=\"application\/ld+json\" class=\"yoast-schema-graph\">{\"@context\":\"https:\/\/schema.org\",\"@graph\":[{\"@type\":\"Article\",\"@id\":\"https:\/\/marciorsrl.com\/de\/planen-lkw-massgeschneiderte-ausstattung\/#article\",\"isPartOf\":{\"@id\":\"https:\/\/marciorsrl.com\/de\/planen-lkw-massgeschneiderte-ausstattung\/\"},\"author\":{\"name\":\"Infinity Web\",\"@id\":\"https:\/\/marciorsrl.com\/de\/#\/schema\/person\/9600638c4c997d60830193852c0e179d\"},\"headline\":\"Planen-Lkw: Ma\u00dfgeschneiderte Ausstattung\",\"datePublished\":\"2023-10-23T14:50:57+00:00\",\"mainEntityOfPage\":{\"@id\":\"https:\/\/marciorsrl.com\/de\/planen-lkw-massgeschneiderte-ausstattung\/\"},\"wordCount\":496,\"publisher\":{\"@id\":\"https:\/\/marciorsrl.com\/de\/#organization\"},\"image\":{\"@id\":\"https:\/\/marciorsrl.com\/de\/planen-lkw-massgeschneiderte-ausstattung\/#primaryimage\"},\"thumbnailUrl\":\"https:\/\/marciorsrl.com\/wp-content\/uploads\/2023\/08\/Camion-telonato-allestimento-su-misura.-Marcior-di-Verona.jpg\",\"articleSection\":[\"Unkategorisiert\"],\"inLanguage\":\"de\"},{\"@type\":\"WebPage\",\"@id\":\"https:\/\/marciorsrl.com\/de\/planen-lkw-massgeschneiderte-ausstattung\/\",\"url\":\"https:\/\/marciorsrl.com\/de\/planen-lkw-massgeschneiderte-ausstattung\/\",\"name\":\"Planen-Lkw: Ma\u00dfgeschneiderte Ausstattung | Marcior\",\"isPartOf\":{\"@id\":\"https:\/\/marciorsrl.com\/de\/#website\"},\"primaryImageOfPage\":{\"@id\":\"https:\/\/marciorsrl.com\/de\/planen-lkw-massgeschneiderte-ausstattung\/#primaryimage\"},\"image\":{\"@id\":\"https:\/\/marciorsrl.com\/de\/planen-lkw-massgeschneiderte-ausstattung\/#primaryimage\"},\"thumbnailUrl\":\"https:\/\/marciorsrl.com\/wp-content\/uploads\/2023\/08\/Camion-telonato-allestimento-su-misura.-Marcior-di-Verona.jpg\",\"datePublished\":\"2023-10-23T14:50:57+00:00\",\"description\":\"Der Planen-Lkw ist der Schl\u00fcssel zur Logistik Ihres Unternehmens. Erm\u00f6glicht den sicheren Transport von G\u00fctern in die ganze Welt.\",\"breadcrumb\":{\"@id\":\"https:\/\/marciorsrl.com\/de\/planen-lkw-massgeschneiderte-ausstattung\/#breadcrumb\"},\"inLanguage\":\"de\",\"potentialAction\":[{\"@type\":\"ReadAction\",\"target\":[\"https:\/\/marciorsrl.com\/de\/planen-lkw-massgeschneiderte-ausstattung\/\"]}]},{\"@type\":\"ImageObject\",\"inLanguage\":\"de\",\"@id\":\"https:\/\/marciorsrl.com\/de\/planen-lkw-massgeschneiderte-ausstattung\/#primaryimage\",\"url\":\"https:\/\/marciorsrl.com\/wp-content\/uploads\/2023\/08\/Camion-telonato-allestimento-su-misura.-Marcior-di-Verona.jpg\",\"contentUrl\":\"https:\/\/marciorsrl.com\/wp-content\/uploads\/2023\/08\/Camion-telonato-allestimento-su-misura.-Marcior-di-Verona.jpg\",\"width\":800,\"height\":581,\"caption\":\"Camion telonato allestimento su misura. Marcior di Verona\"},{\"@type\":\"BreadcrumbList\",\"@id\":\"https:\/\/marciorsrl.com\/de\/planen-lkw-massgeschneiderte-ausstattung\/#breadcrumb\",\"itemListElement\":[{\"@type\":\"ListItem\",\"position\":1,\"name\":\"Home\",\"item\":\"https:\/\/marciorsrl.com\/de\/\"},{\"@type\":\"ListItem\",\"position\":2,\"name\":\"Planen-Lkw: Ma\u00dfgeschneiderte Ausstattung\"}]},{\"@type\":\"WebSite\",\"@id\":\"https:\/\/marciorsrl.com\/de\/#website\",\"url\":\"https:\/\/marciorsrl.com\/de\/\",\"name\":\"Marcior Srl\",\"description\":\"Carrozzeria industriale - Allestimenti camion e veicoli industriali\",\"publisher\":{\"@id\":\"https:\/\/marciorsrl.com\/de\/#organization\"},\"potentialAction\":[{\"@type\":\"SearchAction\",\"target\":{\"@type\":\"EntryPoint\",\"urlTemplate\":\"https:\/\/marciorsrl.com\/de\/?s={search_term_string}\"},\"query-input\":{\"@type\":\"PropertyValueSpecification\",\"valueRequired\":true,\"valueName\":\"search_term_string\"}}],\"inLanguage\":\"de\"},{\"@type\":\"Organization\",\"@id\":\"https:\/\/marciorsrl.com\/de\/#organization\",\"name\":\"Marcior S.r.l.\",\"url\":\"https:\/\/marciorsrl.com\/de\/\",\"logo\":{\"@type\":\"ImageObject\",\"inLanguage\":\"de\",\"@id\":\"https:\/\/marciorsrl.com\/de\/#\/schema\/logo\/image\/\",\"url\":\"https:\/\/marciorsrl.com\/wp-content\/uploads\/2018\/11\/marcior-google-my-business-logo.png\",\"contentUrl\":\"https:\/\/marciorsrl.com\/wp-content\/uploads\/2018\/11\/marcior-google-my-business-logo.png\",\"width\":500,\"height\":500,\"caption\":\"Marcior S.r.l.\"},\"image\":{\"@id\":\"https:\/\/marciorsrl.com\/de\/#\/schema\/logo\/image\/\"}},{\"@type\":\"Person\",\"@id\":\"https:\/\/marciorsrl.com\/de\/#\/schema\/person\/9600638c4c997d60830193852c0e179d\",\"name\":\"Infinity Web\",\"image\":{\"@type\":\"ImageObject\",\"inLanguage\":\"de\",\"@id\":\"https:\/\/marciorsrl.com\/de\/#\/schema\/person\/image\/\",\"url\":\"https:\/\/secure.gravatar.com\/avatar\/b77ef9362309d93358afe8ddc8f1206aa8863b1d7e662864a594bba2f0883e9c?s=96&d=mm&r=g\",\"contentUrl\":\"https:\/\/secure.gravatar.com\/avatar\/b77ef9362309d93358afe8ddc8f1206aa8863b1d7e662864a594bba2f0883e9c?s=96&d=mm&r=g\",\"caption\":\"Infinity Web\"},\"sameAs\":[\"https:\/\/www.infinity-web.it\/\"]}]}<\/script>\n<!-- \/ Yoast SEO plugin. -->","yoast_head_json":{"title":"Planen-Lkw: Ma\u00dfgeschneiderte Ausstattung | Marcior","description":"Der Planen-Lkw ist der Schl\u00fcssel zur Logistik Ihres Unternehmens. Erm\u00f6glicht den sicheren Transport von G\u00fctern in die ganze Welt.","robots":{"index":"index","follow":"follow","max-snippet":"max-snippet:-1","max-image-preview":"max-image-preview:large","max-video-preview":"max-video-preview:-1"},"canonical":"https:\/\/marciorsrl.com\/de\/planen-lkw-massgeschneiderte-ausstattung\/","og_locale":"de_DE","og_type":"article","og_title":"Planen-Lkw: Ma\u00dfgeschneiderte Ausstattung | Marcior","og_description":"Der Planen-Lkw ist der Schl\u00fcssel zur Logistik Ihres Unternehmens. Erm\u00f6glicht den sicheren Transport von G\u00fctern in die ganze Welt.","og_url":"https:\/\/marciorsrl.com\/de\/planen-lkw-massgeschneiderte-ausstattung\/","og_site_name":"Marcior Srl","article_published_time":"2023-10-23T14:50:57+00:00","og_image":[{"url":"https:\/\/marciorsrl.com\/wp-content\/uploads\/2023\/08\/Camion-telonato-allestimento-su-misura.-Marcior-di-Verona.jpg","type":"","width":"","height":""}],"author":"Infinity Web","twitter_card":"summary_large_image","twitter_title":"Planen-Lkw: Ma\u00dfgeschneiderte Ausstattung | Marcior","twitter_description":"Der Planen-Lkw ist der Schl\u00fcssel zur Logistik Ihres Unternehmens. Erm\u00f6glicht den sicheren Transport von G\u00fctern in die ganze Welt.","twitter_image":"https:\/\/marciorsrl.com\/wp-content\/uploads\/2023\/08\/Camion-telonato-allestimento-su-misura.-Marcior-di-Verona.jpg","twitter_misc":{"Verfasst von":"Infinity Web","Gesch\u00e4tzte Lesezeit":"2\u00a0Minuten"},"schema":{"@context":"https:\/\/schema.org","@graph":[{"@type":"Article","@id":"https:\/\/marciorsrl.com\/de\/planen-lkw-massgeschneiderte-ausstattung\/#article","isPartOf":{"@id":"https:\/\/marciorsrl.com\/de\/planen-lkw-massgeschneiderte-ausstattung\/"},"author":{"name":"Infinity Web","@id":"https:\/\/marciorsrl.com\/de\/#\/schema\/person\/9600638c4c997d60830193852c0e179d"},"headline":"Planen-Lkw: Ma\u00dfgeschneiderte Ausstattung","datePublished":"2023-10-23T14:50:57+00:00","mainEntityOfPage":{"@id":"https:\/\/marciorsrl.com\/de\/planen-lkw-massgeschneiderte-ausstattung\/"},"wordCount":496,"publisher":{"@id":"https:\/\/marciorsrl.com\/de\/#organization"},"image":{"@id":"https:\/\/marciorsrl.com\/de\/planen-lkw-massgeschneiderte-ausstattung\/#primaryimage"},"thumbnailUrl":"https:\/\/marciorsrl.com\/wp-content\/uploads\/2023\/08\/Camion-telonato-allestimento-su-misura.-Marcior-di-Verona.jpg","articleSection":["Unkategorisiert"],"inLanguage":"de"},{"@type":"WebPage","@id":"https:\/\/marciorsrl.com\/de\/planen-lkw-massgeschneiderte-ausstattung\/","url":"https:\/\/marciorsrl.com\/de\/planen-lkw-massgeschneiderte-ausstattung\/","name":"Planen-Lkw: Ma\u00dfgeschneiderte Ausstattung | Marcior","isPartOf":{"@id":"https:\/\/marciorsrl.com\/de\/#website"},"primaryImageOfPage":{"@id":"https:\/\/marciorsrl.com\/de\/planen-lkw-massgeschneiderte-ausstattung\/#primaryimage"},"image":{"@id":"https:\/\/marciorsrl.com\/de\/planen-lkw-massgeschneiderte-ausstattung\/#primaryimage"},"thumbnailUrl":"https:\/\/marciorsrl.com\/wp-content\/uploads\/2023\/08\/Camion-telonato-allestimento-su-misura.-Marcior-di-Verona.jpg","datePublished":"2023-10-23T14:50:57+00:00","description":"Der Planen-Lkw ist der Schl\u00fcssel zur Logistik Ihres Unternehmens. Erm\u00f6glicht den sicheren Transport von G\u00fctern in die ganze Welt.","breadcrumb":{"@id":"https:\/\/marciorsrl.com\/de\/planen-lkw-massgeschneiderte-ausstattung\/#breadcrumb"},"inLanguage":"de","potentialAction":[{"@type":"ReadAction","target":["https:\/\/marciorsrl.com\/de\/planen-lkw-massgeschneiderte-ausstattung\/"]}]},{"@type":"ImageObject","inLanguage":"de","@id":"https:\/\/marciorsrl.com\/de\/planen-lkw-massgeschneiderte-ausstattung\/#primaryimage","url":"https:\/\/marciorsrl.com\/wp-content\/uploads\/2023\/08\/Camion-telonato-allestimento-su-misura.-Marcior-di-Verona.jpg","contentUrl":"https:\/\/marciorsrl.com\/wp-content\/uploads\/2023\/08\/Camion-telonato-allestimento-su-misura.-Marcior-di-Verona.jpg","width":800,"height":581,"caption":"Camion telonato allestimento su misura. Marcior di Verona"},{"@type":"BreadcrumbList","@id":"https:\/\/marciorsrl.com\/de\/planen-lkw-massgeschneiderte-ausstattung\/#breadcrumb","itemListElement":[{"@type":"ListItem","position":1,"name":"Home","item":"https:\/\/marciorsrl.com\/de\/"},{"@type":"ListItem","position":2,"name":"Planen-Lkw: Ma\u00dfgeschneiderte Ausstattung"}]},{"@type":"WebSite","@id":"https:\/\/marciorsrl.com\/de\/#website","url":"https:\/\/marciorsrl.com\/de\/","name":"Marcior Srl","description":"Carrozzeria industriale - Allestimenti camion e veicoli industriali","publisher":{"@id":"https:\/\/marciorsrl.com\/de\/#organization"},"potentialAction":[{"@type":"SearchAction","target":{"@type":"EntryPoint","urlTemplate":"https:\/\/marciorsrl.com\/de\/?s={search_term_string}"},"query-input":{"@type":"PropertyValueSpecification","valueRequired":true,"valueName":"search_term_string"}}],"inLanguage":"de"},{"@type":"Organization","@id":"https:\/\/marciorsrl.com\/de\/#organization","name":"Marcior S.r.l.","url":"https:\/\/marciorsrl.com\/de\/","logo":{"@type":"ImageObject","inLanguage":"de","@id":"https:\/\/marciorsrl.com\/de\/#\/schema\/logo\/image\/","url":"https:\/\/marciorsrl.com\/wp-content\/uploads\/2018\/11\/marcior-google-my-business-logo.png","contentUrl":"https:\/\/marciorsrl.com\/wp-content\/uploads\/2018\/11\/marcior-google-my-business-logo.png","width":500,"height":500,"caption":"Marcior S.r.l."},"image":{"@id":"https:\/\/marciorsrl.com\/de\/#\/schema\/logo\/image\/"}},{"@type":"Person","@id":"https:\/\/marciorsrl.com\/de\/#\/schema\/person\/9600638c4c997d60830193852c0e179d","name":"Infinity Web","image":{"@type":"ImageObject","inLanguage":"de","@id":"https:\/\/marciorsrl.com\/de\/#\/schema\/person\/image\/","url":"https:\/\/secure.gravatar.com\/avatar\/b77ef9362309d93358afe8ddc8f1206aa8863b1d7e662864a594bba2f0883e9c?s=96&d=mm&r=g","contentUrl":"https:\/\/secure.gravatar.com\/avatar\/b77ef9362309d93358afe8ddc8f1206aa8863b1d7e662864a594bba2f0883e9c?s=96&d=mm&r=g","caption":"Infinity Web"},"sameAs":["https:\/\/www.infinity-web.it\/"]}]}},"_links":{"self":[{"href":"https:\/\/marciorsrl.com\/de\/wp-json\/wp\/v2\/posts\/4314","targetHints":{"allow":["GET"]}}],"collection":[{"href":"https:\/\/marciorsrl.com\/de\/wp-json\/wp\/v2\/posts"}],"about":[{"href":"https:\/\/marciorsrl.com\/de\/wp-json\/wp\/v2\/types\/post"}],"author":[{"embeddable":true,"href":"https:\/\/marciorsrl.com\/de\/wp-json\/wp\/v2\/users\/1"}],"replies":[{"embeddable":true,"href":"https:\/\/marciorsrl.com\/de\/wp-json\/wp\/v2\/comments?post=4314"}],"version-history":[{"count":0,"href":"https:\/\/marciorsrl.com\/de\/wp-json\/wp\/v2\/posts\/4314\/revisions"}],"wp:featuredmedia":[{"embeddable":true,"href":"https:\/\/marciorsrl.com\/de\/wp-json\/wp\/v2\/media\/3860"}],"wp:attachment":[{"href":"https:\/\/marciorsrl.com\/de\/wp-json\/wp\/v2\/media?parent=4314"}],"wp:term":[{"taxonomy":"category","embeddable":true,"href":"https:\/\/marciorsrl.com\/de\/wp-json\/wp\/v2\/categories?post=4314"},{"taxonomy":"post_tag","embeddable":true,"href":"https:\/\/marciorsrl.com\/de\/wp-json\/wp\/v2\/tags?post=4314"}],"curies":[{"name":"wp","href":"https:\/\/api.w.org\/{rel}","templated":true}]}}